{"id":15138,"date":"2016-11-07T13:15:29","date_gmt":"2016-11-07T12:15:29","guid":{"rendered":"http:\/\/www.lardenbach.de\/?p=15138"},"modified":"2018-01-26T15:27:00","modified_gmt":"2018-01-26T14:27:00","slug":"seenbachtal-treffen-2016","status":"publish","type":"post","link":"https:\/\/www.lardenbach.de\/?p=15138","title":{"rendered":"Seenbachtal-Treffen 2016"},"content":{"rendered":"<ol start=\"5\">\n<li>11. 2016 Karl-Ernst Lind, Am Helgenstock 5, 35350 Gr\u00fcnberg<\/li>\n<\/ol>\n<p><strong>Chortreffen im Seenbachtal mit vielen H\u00f6hepunkten<\/strong><\/p>\n<p>Mandolinenclub Weickartshain war erstmals dabei \u2013 Nachwuchs der \u201eEintracht\u201c Lardenbach\/Klein-Eichen dankte ihrer scheidenden Dirigentin Minette Kraft<\/p>\n<p style=\"text-align: justify;\">Bei dem traditionellen allj\u00e4hrlichen Treffen der Ch\u00f6re aus dem Seenbachtal gab es am vergangenen Samstag im Dorfgemeinschafshaus in Lardenbach ein abwechslungsreiches Programm. Diesmal fand das 40. Treffen statt, wobei auch erstmals neben Ch\u00f6ren aus Freienseen, Lardenbach\/Klein-Eichen, Weickartshain und Flensungen\/Nieder-Ohmen der Mandolinenclub Weickartshain mit seiner Darbietung f\u00fcr das bei den Besuchern sehr gut angekommene Programm sorgte. Bernhard Sauer vom gastgebenden M\u00e4nnergesangverein Lardenbach\/Klein-Eichen f\u00fchrte nach der Begr\u00fc\u00dfung der Anwesenden durch den 1. Vorsitzenden Willi Rummelberger durch den mit zahlreichen musikalischen Leckerbissen gespickten Abend. Dessen Er\u00f6ffnung oblag dem heimischen Kinderchor \u201eSing-, Spiel- und Spa\u00dftruppe\u201c unter der Leitung von Minette Kraft. Bei dem letztlich mit einer Zugabe endenden Auftritt wurde \u201eKunkel Matthias\u201c, die Klanggeschichte \u201eZaubertrank\u201c und \u201eMixula Maxula\u201c vorgetragen. Mit etwas Wehmut dankten dabei auch noch die Kinder mit einem selbstgeschriebenen Text ihrer zuk\u00fcnftig nicht mehr zur Verf\u00fcgung stehenden langj\u00e4hrigen Dirigentin f\u00fcr deren Arbeit. Im Laufe des Abends \u00fcbergaben auch die Mitglieder des Jugendchores Minette Kraft zum Abschied und Dank noch ein Geschenk. Mit den Liedern \u201eVeni, vidi, vici\u201c\u201c und \u201eIch war noch niemals in New York\u201c pr\u00e4sentierte sich unter der Leitung von Ottmar Hasenpflug der gemischte Chor aus Lardenbach\/Klein-Eichen. Danach folgte die aus Sangesfreunden Flensungen und Nieder-Ohmen bestehende \u201eChorvereinigung M\u00fccke\u201c unter der Leitung von Stefan Spielberger mit \u201eI can tell the world\u201c und \u201eWochenend und Sonnenschein\u201c. Als weiteren Vortrag gab es im \u201eMeecker Platt\u201c noch den \u201ePhilosophenblues\u201c. Zur wahrlichen Bereicherung des j\u00e4hrlich abwechselnd von den Gesangvereinen im Seenbachtal durchgef\u00fchrten Treffens entpuppte sich die erstmalige Teilnahme des Mandolinenclubs Weickartshain. Unter der Leitung von Christina Scharmann erklangen die mit viel Beifall bedachten St\u00fccke \u201eCircolo florente\u201c, \u201eEarth Song\u201c und \u201ePirates of Zimmer\u201c. Nicht minder kam der gemeinsame Auftritt der Saiteninstrumentenspieler mit dem M\u00e4nnergesangverein Weickartshain mit \u201eProbier\u00b4s mal mit Gem\u00fctlichkeit\u201c und \u201eAmazing grace\u201c an. In Klavierbegleitung von Minette Kraft trat anschlie\u00dfend der Jugendchor des MGV Lardenbach\/Klein-Eichen auf. Die acht Jugendlichen intonierten hervorragend \u201eSkyfall\u201c und \u201eSweet Dreams\u201c. Mit der Zigeunerweise \u201eWarum bist du gekommen\u201c und dem \u201eHeimatlied\u201c als Bekenntnis zu ihrem Wohnort Weickartshain begeisterte der M\u00e4nnerchor Weickartshain ebenfalls unter dem Dirigat von Christina Scharmann das Publikum. Nunmehr folgte wie es Conf\u00e9rencier Bernhard Sauer formulierte, der \u201eFreienseener Block\u201c mit dem Projektchor und den Ch\u00f6ren \u201eOh, du stille Zeit\u201c, \u201eDa unten im Tale\u201c und \u201eNiginesi Ponono\u201c. Ebenso von Minette Kraft geleitet trug danach der gemischte Chor die Lieder \u201eDer See friert zu\u201c, \u201eHab Sonne im Herzen\u201c und \u201eBist du gl\u00fccklich\u201c vor. Mit dem alleinigen Auftritt der M\u00e4nner des \u201eLiederkranz\u201c Freienseen waren anschlie\u00dfend die Lieder \u201eAch man braucht ja so wenig\u201c und \u201eMusica Dei\u201c zu h\u00f6ren. Den musikalischen Ausklang des Abends bescherte dann der Gastgeberverein mit dem M\u00e4nnerchor mit den Liedern \u201eAbendstille in den Bergen\u201c und \u201eSchifferlied\u201c, sowie dann mit dem gemischten Chor mit \u201eHans bleibt da\u201c und \u201eGriechischer Wein\u201c. Mit den abschlie\u00dfenden Dankesworten an alle Konzertteilnehmer \u00e4u\u00dferte der 2. Vorsitzender Bernhard Sauer auch den Wunsch, dass es in Zukunft ein gemeinsames Singen aller Seenbachtal-Ch\u00f6re geben m\u00f6ge.<\/p>\n<p><img loading=\"lazy\" decoding=\"async\" class=\"alignnone size-medium wp-image-15139\" src=\"https:\/\/www.lardenbach.de\/wp-content\/uploads\/2016\/11\/20161105-L0090001-40.-Seenbachtaltreffen-MGV-Lardenbach-KE-7-300x200.jpg\" alt=\"20161105-L0090001-40. Seenbachtaltreffen MGV Lardenbach KE (7)\" width=\"300\" height=\"200\" srcset=\"https:\/\/www.lardenbach.de\/wp-content\/uploads\/2016\/11\/20161105-L0090001-40.-Seenbachtaltreffen-MGV-Lardenbach-KE-7-300x200.jpg 300w, https:\/\/www.lardenbach.de\/wp-content\/uploads\/2016\/11\/20161105-L0090001-40.-Seenbachtaltreffen-MGV-Lardenbach-KE-7-1024x683.jpg 1024w, https:\/\/www.lardenbach.de\/wp-content\/uploads\/2016\/11\/20161105-L0090001-40.-Seenbachtaltreffen-MGV-Lardenbach-KE-7-696x464.jpg 696w, https:\/\/www.lardenbach.de\/wp-content\/uploads\/2016\/11\/20161105-L0090001-40.-Seenbachtaltreffen-MGV-Lardenbach-KE-7-1068x712.jpg 1068w, https:\/\/www.lardenbach.de\/wp-content\/uploads\/2016\/11\/20161105-L0090001-40.-Seenbachtaltreffen-MGV-Lardenbach-KE-7-630x420.jpg 630w\" sizes=\"auto, (max-width: 300px) 100vw, 300px\" \/><\/p>\n<p>Der Kinderchor mit Chorleiterin Minette Kraft begeisterte das Publikum<\/p>\n<p><img loading=\"lazy\" decoding=\"async\" class=\"alignnone size-medium wp-image-15140\" src=\"https:\/\/www.lardenbach.de\/wp-content\/uploads\/2016\/11\/20161105-L0090001-40.-Seenbachtaltreffen-MGV-Lardenbach-KE-30-300x200.jpg\" alt=\"20161105-L0090001-40. Seenbachtaltreffen MGV Lardenbach KE (30)\" width=\"300\" height=\"200\" srcset=\"https:\/\/www.lardenbach.de\/wp-content\/uploads\/2016\/11\/20161105-L0090001-40.-Seenbachtaltreffen-MGV-Lardenbach-KE-30-300x200.jpg 300w, https:\/\/www.lardenbach.de\/wp-content\/uploads\/2016\/11\/20161105-L0090001-40.-Seenbachtaltreffen-MGV-Lardenbach-KE-30-1024x683.jpg 1024w, https:\/\/www.lardenbach.de\/wp-content\/uploads\/2016\/11\/20161105-L0090001-40.-Seenbachtaltreffen-MGV-Lardenbach-KE-30-696x464.jpg 696w, https:\/\/www.lardenbach.de\/wp-content\/uploads\/2016\/11\/20161105-L0090001-40.-Seenbachtaltreffen-MGV-Lardenbach-KE-30-1068x712.jpg 1068w, https:\/\/www.lardenbach.de\/wp-content\/uploads\/2016\/11\/20161105-L0090001-40.-Seenbachtaltreffen-MGV-Lardenbach-KE-30-630x420.jpg 630w\" sizes=\"auto, (max-width: 300px) 100vw, 300px\" \/><\/p>\n<p>Der gemischte Chor trat unter der Leitung von Ottmar Hasenpflug auf<\/p>\n<p><img loading=\"lazy\" decoding=\"async\" class=\"alignnone size-medium wp-image-15141\" src=\"https:\/\/www.lardenbach.de\/wp-content\/uploads\/2016\/11\/20161105-L0090001-40.-Seenbachtaltreffen-MGV-Lardenbach-KE-54-300x200.jpg\" alt=\"20161105-L0090001-40. Seenbachtaltreffen MGV Lardenbach KE (54)\" width=\"300\" height=\"200\" srcset=\"https:\/\/www.lardenbach.de\/wp-content\/uploads\/2016\/11\/20161105-L0090001-40.-Seenbachtaltreffen-MGV-Lardenbach-KE-54-300x200.jpg 300w, https:\/\/www.lardenbach.de\/wp-content\/uploads\/2016\/11\/20161105-L0090001-40.-Seenbachtaltreffen-MGV-Lardenbach-KE-54-1024x683.jpg 1024w, https:\/\/www.lardenbach.de\/wp-content\/uploads\/2016\/11\/20161105-L0090001-40.-Seenbachtaltreffen-MGV-Lardenbach-KE-54-696x464.jpg 696w, https:\/\/www.lardenbach.de\/wp-content\/uploads\/2016\/11\/20161105-L0090001-40.-Seenbachtaltreffen-MGV-Lardenbach-KE-54-1068x712.jpg 1068w, https:\/\/www.lardenbach.de\/wp-content\/uploads\/2016\/11\/20161105-L0090001-40.-Seenbachtaltreffen-MGV-Lardenbach-KE-54-630x420.jpg 630w\" sizes=\"auto, (max-width: 300px) 100vw, 300px\" \/><\/p>\n<p>Mandolinenclub und M\u00e4nnerchor aus Weickartshain beim Auftritt<\/p>\n<p><img loading=\"lazy\" decoding=\"async\" class=\"alignnone size-medium wp-image-15142\" src=\"https:\/\/www.lardenbach.de\/wp-content\/uploads\/2016\/11\/20161105-L0090001-40.-Seenbachtaltreffen-MGV-Lardenbach-KE-98-300x200.jpg\" alt=\"20161105-L0090001-40. Seenbachtaltreffen MGV Lardenbach KE (98)\" width=\"300\" height=\"200\" srcset=\"https:\/\/www.lardenbach.de\/wp-content\/uploads\/2016\/11\/20161105-L0090001-40.-Seenbachtaltreffen-MGV-Lardenbach-KE-98-300x200.jpg 300w, https:\/\/www.lardenbach.de\/wp-content\/uploads\/2016\/11\/20161105-L0090001-40.-Seenbachtaltreffen-MGV-Lardenbach-KE-98-1024x683.jpg 1024w, https:\/\/www.lardenbach.de\/wp-content\/uploads\/2016\/11\/20161105-L0090001-40.-Seenbachtaltreffen-MGV-Lardenbach-KE-98-696x464.jpg 696w, https:\/\/www.lardenbach.de\/wp-content\/uploads\/2016\/11\/20161105-L0090001-40.-Seenbachtaltreffen-MGV-Lardenbach-KE-98-1068x712.jpg 1068w, https:\/\/www.lardenbach.de\/wp-content\/uploads\/2016\/11\/20161105-L0090001-40.-Seenbachtaltreffen-MGV-Lardenbach-KE-98-630x420.jpg 630w\" sizes=\"auto, (max-width: 300px) 100vw, 300px\" \/><\/p>\n<p>Der Jugendchor dankt der scheidenden Dirigentin Minette Kraft<\/p>\n<p><img loading=\"lazy\" decoding=\"async\" class=\"alignnone size-medium wp-image-15143\" src=\"https:\/\/www.lardenbach.de\/wp-content\/uploads\/2016\/11\/20161105-L0090001-40.-Seenbachtaltreffen-MGV-Lardenbach-KE-99-300x200.jpg\" alt=\"20161105-L0090001-40. Seenbachtaltreffen MGV Lardenbach KE (99)\" width=\"300\" height=\"200\" srcset=\"https:\/\/www.lardenbach.de\/wp-content\/uploads\/2016\/11\/20161105-L0090001-40.-Seenbachtaltreffen-MGV-Lardenbach-KE-99-300x200.jpg 300w, https:\/\/www.lardenbach.de\/wp-content\/uploads\/2016\/11\/20161105-L0090001-40.-Seenbachtaltreffen-MGV-Lardenbach-KE-99-1024x683.jpg 1024w, https:\/\/www.lardenbach.de\/wp-content\/uploads\/2016\/11\/20161105-L0090001-40.-Seenbachtaltreffen-MGV-Lardenbach-KE-99-696x464.jpg 696w, https:\/\/www.lardenbach.de\/wp-content\/uploads\/2016\/11\/20161105-L0090001-40.-Seenbachtaltreffen-MGV-Lardenbach-KE-99-1068x712.jpg 1068w, https:\/\/www.lardenbach.de\/wp-content\/uploads\/2016\/11\/20161105-L0090001-40.-Seenbachtaltreffen-MGV-Lardenbach-KE-99-630x420.jpg 630w\" sizes=\"auto, (max-width: 300px) 100vw, 300px\" \/><\/p>\n<p>Der M\u00e4nnerchor der Eintracht Lardenbach<\/p>\n<p>&nbsp;<\/p>\n<p>&nbsp;<\/p>\n<p>&nbsp;<\/p>\n","protected":false},"excerpt":{"rendered":"<p>11. 2016 Karl-Ernst Lind, Am Helgenstock 5, 35350 Gr\u00fcnberg Chortreffen im Seenbachtal mit vielen H\u00f6hepunkten Mandolinenclub Weickartshain war erstmals dabei \u2013 Nachwuchs der \u201eEintracht\u201c Lardenbach\/Klein-Eichen dankte ihrer scheidenden Dirigentin Minette Kraft Bei dem traditionellen allj\u00e4hrlichen Treffen der Ch\u00f6re aus dem Seenbachtal gab es am vergangenen Samstag im Dorfgemeinschafshaus in Lardenbach ein abwechslungsreiches Programm. Diesmal fand [&hellip;]<\/p>\n","protected":false},"author":2,"featured_media":14979,"comment_status":"open","ping_status":"closed","sticky":false,"template":"","format":"standard","meta":{"footnotes":""},"categories":[3468],"tags":[],"class_list":["post-15138","post","type-post","status-publish","format-standard","has-post-thumbnail","hentry","category-2016-11"],"_links":{"self":[{"href":"https:\/\/www.lardenbach.de\/index.php?rest_route=\/wp\/v2\/posts\/15138","targetHints":{"allow":["GET"]}}],"collection":[{"href":"https:\/\/www.lardenbach.de\/index.php?rest_route=\/wp\/v2\/posts"}],"about":[{"href":"https:\/\/www.lardenbach.de\/index.php?rest_route=\/wp\/v2\/types\/post"}],"author":[{"embeddable":true,"href":"https:\/\/www.lardenbach.de\/index.php?rest_route=\/wp\/v2\/users\/2"}],"replies":[{"embeddable":true,"href":"https:\/\/www.lardenbach.de\/index.php?rest_route=%2Fwp%2Fv2%2Fcomments&post=15138"}],"version-history":[{"count":1,"href":"https:\/\/www.lardenbach.de\/index.php?rest_route=\/wp\/v2\/posts\/15138\/revisions"}],"predecessor-version":[{"id":15144,"href":"https:\/\/www.lardenbach.de\/index.php?rest_route=\/wp\/v2\/posts\/15138\/revisions\/15144"}],"wp:featuredmedia":[{"embeddable":true,"href":"https:\/\/www.lardenbach.de\/index.php?rest_route=\/wp\/v2\/media\/14979"}],"wp:attachment":[{"href":"https:\/\/www.lardenbach.de\/index.php?rest_route=%2Fwp%2Fv2%2Fmedia&parent=15138"}],"wp:term":[{"taxonomy":"category","embeddable":true,"href":"https:\/\/www.lardenbach.de\/index.php?rest_route=%2Fwp%2Fv2%2Fcategories&post=15138"},{"taxonomy":"post_tag","embeddable":true,"href":"https:\/\/www.lardenbach.de\/index.php?rest_route=%2Fwp%2Fv2%2Ftags&post=15138"}],"curies":[{"name":"wp","href":"https:\/\/api.w.org\/{rel}","templated":true}]}}