{"id":16265,"date":"2021-09-26T09:49:34","date_gmt":"2021-09-26T08:49:34","guid":{"rendered":"http:\/\/www.lardenbach.de\/?p=16265"},"modified":"2022-10-22T12:15:38","modified_gmt":"2022-10-22T11:15:38","slug":"lardenbacher-jagdgenossen-tagen-am-2-oktober","status":"publish","type":"post","link":"https:\/\/www.lardenbach.de\/?p=16265","title":{"rendered":"Lardenbacher Jagdgenossen tagen am 2. Oktober"},"content":{"rendered":"\n<p>Der Vorstand der Jagdgenossenschaft Lardenbach l\u00e4dt f\u00fcr Samstag, 2. Oktober 2021 zur Mitgliederversammlung 2020 in die Gastst\u00e4tte Dietz ein. Zur Tagesordnung stehen bei der um 19 Uhr beginnenden Sitzung die Berichte des Jagdvorsteher, der Jagdp\u00e4chter und des Kassenverwalters. Entscheiden k\u00f6nnen die Mitglieder \u00fcber die Verwendung der Jagdpacht. F\u00fcr die Teilnahme an der Versammlung sind die derzeit g\u00fcltigen Coronavorgaben zu beachten. So ist von jedem Versammlungsteilnehmer der Nachweis einer vollst\u00e4ndigen Impfung, einer Genesung oder eines aktuellen Corona-Tests vorzulegen. Beim Betreten und Verlassen der R\u00e4umlichkeit ist zudem eine Maske zu tragen.<\/p>\n","protected":false},"excerpt":{"rendered":"<p>Der Vorstand der Jagdgenossenschaft Lardenbach l\u00e4dt f\u00fcr Samstag, 2. Oktober 2021 zur Mitgliederversammlung 2020 in die Gastst\u00e4tte Dietz ein. Zur Tagesordnung stehen bei der um 19 Uhr beginnenden Sitzung die Berichte des Jagdvorsteher, der Jagdp\u00e4chter und des Kassenverwalters. Entscheiden k\u00f6nnen die Mitglieder \u00fcber die Verwendung der Jagdpacht. F\u00fcr die Teilnahme an der Versammlung sind die [&hellip;]<\/p>\n","protected":false},"author":8,"featured_media":0,"comment_status":"open","ping_status":"closed","sticky":false,"template":"","format":"standard","meta":{"footnotes":""},"categories":[3537],"tags":[],"class_list":["post-16265","post","type-post","status-publish","format-standard","hentry","category-2021-09"],"_links":{"self":[{"href":"https:\/\/www.lardenbach.de\/index.php?rest_route=\/wp\/v2\/posts\/16265","targetHints":{"allow":["GET"]}}],"collection":[{"href":"https:\/\/www.lardenbach.de\/index.php?rest_route=\/wp\/v2\/posts"}],"about":[{"href":"https:\/\/www.lardenbach.de\/index.php?rest_route=\/wp\/v2\/types\/post"}],"author":[{"embeddable":true,"href":"https:\/\/www.lardenbach.de\/index.php?rest_route=\/wp\/v2\/users\/8"}],"replies":[{"embeddable":true,"href":"https:\/\/www.lardenbach.de\/index.php?rest_route=%2Fwp%2Fv2%2Fcomments&post=16265"}],"version-history":[{"count":1,"href":"https:\/\/www.lardenbach.de\/index.php?rest_route=\/wp\/v2\/posts\/16265\/revisions"}],"predecessor-version":[{"id":16266,"href":"https:\/\/www.lardenbach.de\/index.php?rest_route=\/wp\/v2\/posts\/16265\/revisions\/16266"}],"wp:attachment":[{"href":"https:\/\/www.lardenbach.de\/index.php?rest_route=%2Fwp%2Fv2%2Fmedia&parent=16265"}],"wp:term":[{"taxonomy":"category","embeddable":true,"href":"https:\/\/www.lardenbach.de\/index.php?rest_route=%2Fwp%2Fv2%2Fcategories&post=16265"},{"taxonomy":"post_tag","embeddable":true,"href":"https:\/\/www.lardenbach.de\/index.php?rest_route=%2Fwp%2Fv2%2Ftags&post=16265"}],"curies":[{"name":"wp","href":"https:\/\/api.w.org\/{rel}","templated":true}]}}