{"id":17373,"date":"2024-06-23T15:10:25","date_gmt":"2024-06-23T14:10:25","guid":{"rendered":"https:\/\/www.lardenbach.de\/?p=17373"},"modified":"2024-06-23T15:10:26","modified_gmt":"2024-06-23T14:10:26","slug":"gleich-zwei-konfirmandenjubilaeen-in-lardenbach","status":"publish","type":"post","link":"https:\/\/www.lardenbach.de\/?p=17373","title":{"rendered":"Gleich zwei Konfirmandenjubil\u00e4en in Lardenbach"},"content":{"rendered":"\n<p>In einem gemeinsamen Abendmahlgottesdienst mit einer weiteren Einsegnung von Pfarrerin Cordula Michaelsen feierten gleichzeitig die ehemaligen Konfirmandinnen und Konfirmanden der Jahre 1959 und 1974 ihr Jubil\u00e4um. Beide Jahrg\u00e4nge aus Lardenbach und Weickartshain wurden seinerzeit von Pfarrer Hermann Repp nach den gemeinsamen Konfirmandenstunden in ihrer jeweiligen Kirche konfirmiert. Den neuerlichen Segen Gottes nach 65 Jahren zur Eisernen Konfirmation erhielten Christa Kratz, geb. Schneider, Sieglinde Viehl, geb. Gro\u00df, Reiner Roth (alle Lardenbach), sowie die Weickartshainer Jubilare Helmut D\u00f6rr, J\u00fcrgen Sch\u00e4tzle und Wilfried Eckl. Zu den ebenfalls mit dem Segen und einer Urkunde bedachten 50-j\u00e4hrigen Jubilaren z\u00e4hlen die einst in Weickartshain Konfirmierten Eva Schlosser geb. Schmidt, Jutta Lang, geb. Michel, Reiner Biedenkopf, Ulrich Ebenh\u00f6h und Holger Faust. In der Lardenbacher Kirche wurden damals Sonja Hofmann, Margit Hofmann geb. D\u00f6rr, Heike Repp, geb. Felsing, Brigitte Ruppel, geb. D\u00f6rr, Beate Herdejost, geb. Scharmann und Burkhard Felsing als Gemeindeglieder aufgenommen. Bei den anschlie\u00dfenden Beisammensein mit Mittagessen hatten die einzelnen Jahrg\u00e4nge mit dem Blick auf die Vergangenheit ausreichend unterhaltsamen Gespr\u00e4chsstoff.<\/p>\n\n\n\n<figure class=\"wp-block-image size-large\"><img loading=\"lazy\" decoding=\"async\" width=\"1024\" height=\"683\" src=\"https:\/\/www.lardenbach.de\/wp-content\/uploads\/2024\/06\/20240623-L0090003-Goldene-Konfirmation-Lardenbach-Weick-1024x683.jpg\" alt=\"\" class=\"wp-image-17375\" srcset=\"https:\/\/www.lardenbach.de\/wp-content\/uploads\/2024\/06\/20240623-L0090003-Goldene-Konfirmation-Lardenbach-Weick-1024x683.jpg 1024w, https:\/\/www.lardenbach.de\/wp-content\/uploads\/2024\/06\/20240623-L0090003-Goldene-Konfirmation-Lardenbach-Weick-300x200.jpg 300w, https:\/\/www.lardenbach.de\/wp-content\/uploads\/2024\/06\/20240623-L0090003-Goldene-Konfirmation-Lardenbach-Weick-1536x1024.jpg 1536w, https:\/\/www.lardenbach.de\/wp-content\/uploads\/2024\/06\/20240623-L0090003-Goldene-Konfirmation-Lardenbach-Weick-2048x1366.jpg 2048w, https:\/\/www.lardenbach.de\/wp-content\/uploads\/2024\/06\/20240623-L0090003-Goldene-Konfirmation-Lardenbach-Weick-696x464.jpg 696w, https:\/\/www.lardenbach.de\/wp-content\/uploads\/2024\/06\/20240623-L0090003-Goldene-Konfirmation-Lardenbach-Weick-1068x712.jpg 1068w, https:\/\/www.lardenbach.de\/wp-content\/uploads\/2024\/06\/20240623-L0090003-Goldene-Konfirmation-Lardenbach-Weick-630x420.jpg 630w\" sizes=\"auto, (max-width: 1024px) 100vw, 1024px\" \/><figcaption class=\"wp-element-caption\">Die Goldkonfirmandinnen und -konfirmanden Holger Faust, Margit Hofmann, Sonja Hofmann, Heike Repp (vordere Reihe), Eva Schlosser, Beate Herdejost, Brigitte Ruppel, Ulrich Ebenh\u00f6h (mittlere Reihe), Reiner Biedenkopf, Jutta Lang und Burkhard Felsing (hintere Reihe) mit Pfarrerin Cordula Michaelsen (2. v. r.)<\/figcaption><\/figure>\n","protected":false},"excerpt":{"rendered":"<p>In einem gemeinsamen Abendmahlgottesdienst mit einer weiteren Einsegnung von Pfarrerin Cordula Michaelsen feierten gleichzeitig die ehemaligen Konfirmandinnen und Konfirmanden der Jahre 1959 und 1974 ihr Jubil\u00e4um. Beide Jahrg\u00e4nge aus Lardenbach und Weickartshain wurden seinerzeit von Pfarrer Hermann Repp nach den gemeinsamen Konfirmandenstunden in ihrer jeweiligen Kirche konfirmiert. Den neuerlichen Segen Gottes nach 65 Jahren zur [&hellip;]<\/p>\n","protected":false},"author":8,"featured_media":17374,"comment_status":"closed","ping_status":"closed","sticky":false,"template":"","format":"standard","meta":{"footnotes":""},"categories":[3575,3451,3461],"tags":[],"class_list":["post-17373","post","type-post","status-publish","format-standard","has-post-thumbnail","hentry","category-2024-06","category-aktuelles","category-archiv"],"_links":{"self":[{"href":"https:\/\/www.lardenbach.de\/index.php?rest_route=\/wp\/v2\/posts\/17373","targetHints":{"allow":["GET"]}}],"collection":[{"href":"https:\/\/www.lardenbach.de\/index.php?rest_route=\/wp\/v2\/posts"}],"about":[{"href":"https:\/\/www.lardenbach.de\/index.php?rest_route=\/wp\/v2\/types\/post"}],"author":[{"embeddable":true,"href":"https:\/\/www.lardenbach.de\/index.php?rest_route=\/wp\/v2\/users\/8"}],"replies":[{"embeddable":true,"href":"https:\/\/www.lardenbach.de\/index.php?rest_route=%2Fwp%2Fv2%2Fcomments&post=17373"}],"version-history":[{"count":1,"href":"https:\/\/www.lardenbach.de\/index.php?rest_route=\/wp\/v2\/posts\/17373\/revisions"}],"predecessor-version":[{"id":17376,"href":"https:\/\/www.lardenbach.de\/index.php?rest_route=\/wp\/v2\/posts\/17373\/revisions\/17376"}],"wp:featuredmedia":[{"embeddable":true,"href":"https:\/\/www.lardenbach.de\/index.php?rest_route=\/wp\/v2\/media\/17374"}],"wp:attachment":[{"href":"https:\/\/www.lardenbach.de\/index.php?rest_route=%2Fwp%2Fv2%2Fmedia&parent=17373"}],"wp:term":[{"taxonomy":"category","embeddable":true,"href":"https:\/\/www.lardenbach.de\/index.php?rest_route=%2Fwp%2Fv2%2Fcategories&post=17373"},{"taxonomy":"post_tag","embeddable":true,"href":"https:\/\/www.lardenbach.de\/index.php?rest_route=%2Fwp%2Fv2%2Ftags&post=17373"}],"curies":[{"name":"wp","href":"https:\/\/api.w.org\/{rel}","templated":true}]}}