{"id":18138,"date":"2026-01-18T17:07:11","date_gmt":"2026-01-18T16:07:11","guid":{"rendered":"https:\/\/www.lardenbach.de\/?p=18138"},"modified":"2026-01-18T17:09:45","modified_gmt":"2026-01-18T16:09:45","slug":"feuerwehrverein-dankt-und-ehrt-langjaehrige-mitglieder","status":"publish","type":"post","link":"https:\/\/www.lardenbach.de\/?p=18138","title":{"rendered":"Feuerwehrverein dankt und ehrt langj\u00e4hrige Mitglieder"},"content":{"rendered":"<p><a href=\"https:\/\/www.lardenbach.de\/wp-content\/uploads\/2026\/01\/20260117-L0090003-JHV-FF-Lardenbach-KE-scaled.jpg\"><img loading=\"lazy\" decoding=\"async\" class=\"alignleft size-medium wp-image-18141\" src=\"https:\/\/www.lardenbach.de\/wp-content\/uploads\/2026\/01\/20260117-L0090003-JHV-FF-Lardenbach-KE-300x200.jpg\" alt=\"\" width=\"300\" height=\"200\" srcset=\"https:\/\/www.lardenbach.de\/wp-content\/uploads\/2026\/01\/20260117-L0090003-JHV-FF-Lardenbach-KE-300x200.jpg 300w, https:\/\/www.lardenbach.de\/wp-content\/uploads\/2026\/01\/20260117-L0090003-JHV-FF-Lardenbach-KE-1024x683.jpg 1024w, https:\/\/www.lardenbach.de\/wp-content\/uploads\/2026\/01\/20260117-L0090003-JHV-FF-Lardenbach-KE-1536x1024.jpg 1536w, https:\/\/www.lardenbach.de\/wp-content\/uploads\/2026\/01\/20260117-L0090003-JHV-FF-Lardenbach-KE-2048x1365.jpg 2048w, https:\/\/www.lardenbach.de\/wp-content\/uploads\/2026\/01\/20260117-L0090003-JHV-FF-Lardenbach-KE-696x464.jpg 696w, https:\/\/www.lardenbach.de\/wp-content\/uploads\/2026\/01\/20260117-L0090003-JHV-FF-Lardenbach-KE-1068x712.jpg 1068w, https:\/\/www.lardenbach.de\/wp-content\/uploads\/2026\/01\/20260117-L0090003-JHV-FF-Lardenbach-KE-630x420.jpg 630w, https:\/\/www.lardenbach.de\/wp-content\/uploads\/2026\/01\/20260117-L0090003-JHV-FF-Lardenbach-KE-320x213.jpg 320w, https:\/\/www.lardenbach.de\/wp-content\/uploads\/2026\/01\/20260117-L0090003-JHV-FF-Lardenbach-KE-480x320.jpg 480w, https:\/\/www.lardenbach.de\/wp-content\/uploads\/2026\/01\/20260117-L0090003-JHV-FF-Lardenbach-KE-800x533.jpg 800w\" sizes=\"auto, (max-width: 300px) 100vw, 300px\" \/><\/a><a href=\"https:\/\/www.lardenbach.de\/wp-content\/uploads\/2026\/01\/20260117-L0090019-JHV-FF-Lardenbach-KE-scaled.jpg\"><img loading=\"lazy\" decoding=\"async\" class=\"alignleft size-medium wp-image-18142\" src=\"https:\/\/www.lardenbach.de\/wp-content\/uploads\/2026\/01\/20260117-L0090019-JHV-FF-Lardenbach-KE-300x200.jpg\" alt=\"\" width=\"300\" height=\"200\" srcset=\"https:\/\/www.lardenbach.de\/wp-content\/uploads\/2026\/01\/20260117-L0090019-JHV-FF-Lardenbach-KE-300x200.jpg 300w, https:\/\/www.lardenbach.de\/wp-content\/uploads\/2026\/01\/20260117-L0090019-JHV-FF-Lardenbach-KE-1024x683.jpg 1024w, https:\/\/www.lardenbach.de\/wp-content\/uploads\/2026\/01\/20260117-L0090019-JHV-FF-Lardenbach-KE-1536x1024.jpg 1536w, https:\/\/www.lardenbach.de\/wp-content\/uploads\/2026\/01\/20260117-L0090019-JHV-FF-Lardenbach-KE-2048x1365.jpg 2048w, https:\/\/www.lardenbach.de\/wp-content\/uploads\/2026\/01\/20260117-L0090019-JHV-FF-Lardenbach-KE-696x464.jpg 696w, https:\/\/www.lardenbach.de\/wp-content\/uploads\/2026\/01\/20260117-L0090019-JHV-FF-Lardenbach-KE-1068x712.jpg 1068w, https:\/\/www.lardenbach.de\/wp-content\/uploads\/2026\/01\/20260117-L0090019-JHV-FF-Lardenbach-KE-630x420.jpg 630w, https:\/\/www.lardenbach.de\/wp-content\/uploads\/2026\/01\/20260117-L0090019-JHV-FF-Lardenbach-KE-320x213.jpg 320w, https:\/\/www.lardenbach.de\/wp-content\/uploads\/2026\/01\/20260117-L0090019-JHV-FF-Lardenbach-KE-480x320.jpg 480w, https:\/\/www.lardenbach.de\/wp-content\/uploads\/2026\/01\/20260117-L0090019-JHV-FF-Lardenbach-KE-800x533.jpg 800w\" sizes=\"auto, (max-width: 300px) 100vw, 300px\" \/><\/a>In der gemeinsamen Jahreshauptversammlung des Vereins und der Einsatzabteilung der Freiwilligen Feuerwehr Lardenbach\/Klein-Eichen konnte Vorsitzende Vanessa Janczyk und deren Stellvertreter Andreas Ruppel langj\u00e4hrige Vereinsmitglieder ehren. Der Dank f\u00fcr die Unterst\u00fctzung ging dabei an die 25-j\u00e4hrigen Jubilare Mario Otto und Erhard Schneider. F\u00fcr 30-j\u00e4hrige Mitgliedschaft erhielten Thilo Berg, Michael Fischer, Thorsten Herdejost und Lothar Hillmann die entsprechende Urkunde. Bereits 40 Jahre h\u00e4lt Werner Zimmer den heimischen Brandsch\u00fctzern die Treue. Den nicht anwesenden langj\u00e4hrigen Mitgliedern Ulrich J\u00e4schke, Thorsten Lauster, Peter Sch\u00e4fer, Waldemar Schneigelberger, Bj\u00f6rn Swoboda und Erhard Sauer wird die entsprechende Ehrung nachgereicht. Zu Beginn der Versammlung wurde den verstorbenen Mitgliedern Hans-Christian Siebel, G\u00fcnter Felsing, Erhard Haeske, Ottmar Behrendt, Manfred Reining und Uwe Merx gedacht. In ihrem T\u00e4tigkeitsbericht erw\u00e4hnte Janczyk die gr\u00f6\u00dferen Anschaffungen f\u00fcr die Einsatzabteilung, die Hilfe beim traditionellen Lardenbacher Holzstrich und die Durchf\u00fchrung des 17. Oktoberfestes. Abschlie\u00dfend dankte sie allen aktiven und passiven Vereinsmitgliedern, der Alters- und Ehrenabteilung und allen Spendern f\u00fcr die gew\u00e4hrte Unterst\u00fctzung. Der Dank galt auch dem f\u00fcr die Feuerwehr bei verschiedenen Laufveranstaltungen gestarteten Michael Ruppel. Den Kassenbericht erstattete Reiner Felsing. Dem anschlie\u00dfenden Bericht der Kassenpr\u00fcfer Jan Passinger und Bernd Schneider folgte die einstimmige Entlastung des Vorstandes. F\u00fcr den ausscheidenden Jan Passinger folgt Christian Ruppel als neuer Rechnungspr\u00fcfer.<\/p>\n<p>&nbsp;<\/p>\n","protected":false},"excerpt":{"rendered":"<p>In der gemeinsamen Jahreshauptversammlung des Vereins und der Einsatzabteilung der Freiwilligen Feuerwehr Lardenbach\/Klein-Eichen konnte Vorsitzende Vanessa Janczyk und deren Stellvertreter Andreas Ruppel langj\u00e4hrige Vereinsmitglieder ehren. Der Dank f\u00fcr die Unterst\u00fctzung ging dabei an die 25-j\u00e4hrigen Jubilare Mario Otto und Erhard Schneider. F\u00fcr 30-j\u00e4hrige Mitgliedschaft erhielten Thilo Berg, Michael Fischer, Thorsten Herdejost und Lothar Hillmann die [&hellip;]<\/p>\n","protected":false},"author":8,"featured_media":18140,"comment_status":"closed","ping_status":"closed","sticky":false,"template":"","format":"standard","meta":{"footnotes":""},"categories":[3596,3451],"tags":[],"class_list":["post-18138","post","type-post","status-publish","format-standard","has-post-thumbnail","hentry","category-2026-01","category-aktuelles"],"_links":{"self":[{"href":"https:\/\/www.lardenbach.de\/index.php?rest_route=\/wp\/v2\/posts\/18138","targetHints":{"allow":["GET"]}}],"collection":[{"href":"https:\/\/www.lardenbach.de\/index.php?rest_route=\/wp\/v2\/posts"}],"about":[{"href":"https:\/\/www.lardenbach.de\/index.php?rest_route=\/wp\/v2\/types\/post"}],"author":[{"embeddable":true,"href":"https:\/\/www.lardenbach.de\/index.php?rest_route=\/wp\/v2\/users\/8"}],"replies":[{"embeddable":true,"href":"https:\/\/www.lardenbach.de\/index.php?rest_route=%2Fwp%2Fv2%2Fcomments&post=18138"}],"version-history":[{"count":1,"href":"https:\/\/www.lardenbach.de\/index.php?rest_route=\/wp\/v2\/posts\/18138\/revisions"}],"predecessor-version":[{"id":18143,"href":"https:\/\/www.lardenbach.de\/index.php?rest_route=\/wp\/v2\/posts\/18138\/revisions\/18143"}],"wp:featuredmedia":[{"embeddable":true,"href":"https:\/\/www.lardenbach.de\/index.php?rest_route=\/wp\/v2\/media\/18140"}],"wp:attachment":[{"href":"https:\/\/www.lardenbach.de\/index.php?rest_route=%2Fwp%2Fv2%2Fmedia&parent=18138"}],"wp:term":[{"taxonomy":"category","embeddable":true,"href":"https:\/\/www.lardenbach.de\/index.php?rest_route=%2Fwp%2Fv2%2Fcategories&post=18138"},{"taxonomy":"post_tag","embeddable":true,"href":"https:\/\/www.lardenbach.de\/index.php?rest_route=%2Fwp%2Fv2%2Ftags&post=18138"}],"curies":[{"name":"wp","href":"https:\/\/api.w.org\/{rel}","templated":true}]}}