{"id":18154,"date":"2026-01-26T16:42:42","date_gmt":"2026-01-26T15:42:42","guid":{"rendered":"https:\/\/www.lardenbach.de\/?p=18154"},"modified":"2026-01-26T16:42:42","modified_gmt":"2026-01-26T15:42:42","slug":"senioren-treffen-sich-in-lardenbach-zum-fasching","status":"publish","type":"post","link":"https:\/\/www.lardenbach.de\/?p=18154","title":{"rendered":"Senioren treffen sich in Lardenbach zum Fasching"},"content":{"rendered":"<p>Das n\u00e4chste Treffen der Seniorinnen und Senioren aus Lardenbach und Klein-Eichen findet am Donnerstag, 12. Februar 2026 im Dorfgemeinschaftshaus statt. Diesmal soll es ab 14.00 Uhr etwas stimmungsvoll angegangen werden. Die 5. Jahreszeit mit dem an diesem Tag auch anstehenden Altweiberfasching soll zudem f\u00fcr eine Abwechslung zum Alltag bieten. In Lardenbach sind nat\u00fcrlich auch die M\u00e4nner willkommen. Eine Kost\u00fcmierung von allen Besuchern w\u00e4re dabei w\u00fcnschenswert. Freuen d\u00fcrfen sich die Anwesenden beim gemeinsamen Kaffeetrinken auf die frisch gebackenen Kreppeln. Gew\u00fcnscht wird auch diesmal wieder vom Organisationsteam bis zum 5. Februar 2026 eine vorherige Anmeldung.<\/p>\n","protected":false},"excerpt":{"rendered":"<p>Das n\u00e4chste Treffen der Seniorinnen und Senioren aus Lardenbach und Klein-Eichen findet am Donnerstag, 12. Februar 2026 im Dorfgemeinschaftshaus statt. Diesmal soll es ab 14.00 Uhr etwas stimmungsvoll angegangen werden. Die 5. Jahreszeit mit dem an diesem Tag auch anstehenden Altweiberfasching soll zudem f\u00fcr eine Abwechslung zum Alltag bieten. In Lardenbach sind nat\u00fcrlich auch die [&hellip;]<\/p>\n","protected":false},"author":8,"featured_media":18155,"comment_status":"closed","ping_status":"closed","sticky":false,"template":"","format":"standard","meta":{"footnotes":""},"categories":[3460,3596,3451],"tags":[],"class_list":["post-18154","post","type-post","status-publish","format-standard","has-post-thumbnail","hentry","category-_ankuendigungen","category-2026-01","category-aktuelles"],"_links":{"self":[{"href":"https:\/\/www.lardenbach.de\/index.php?rest_route=\/wp\/v2\/posts\/18154","targetHints":{"allow":["GET"]}}],"collection":[{"href":"https:\/\/www.lardenbach.de\/index.php?rest_route=\/wp\/v2\/posts"}],"about":[{"href":"https:\/\/www.lardenbach.de\/index.php?rest_route=\/wp\/v2\/types\/post"}],"author":[{"embeddable":true,"href":"https:\/\/www.lardenbach.de\/index.php?rest_route=\/wp\/v2\/users\/8"}],"replies":[{"embeddable":true,"href":"https:\/\/www.lardenbach.de\/index.php?rest_route=%2Fwp%2Fv2%2Fcomments&post=18154"}],"version-history":[{"count":1,"href":"https:\/\/www.lardenbach.de\/index.php?rest_route=\/wp\/v2\/posts\/18154\/revisions"}],"predecessor-version":[{"id":18156,"href":"https:\/\/www.lardenbach.de\/index.php?rest_route=\/wp\/v2\/posts\/18154\/revisions\/18156"}],"wp:featuredmedia":[{"embeddable":true,"href":"https:\/\/www.lardenbach.de\/index.php?rest_route=\/wp\/v2\/media\/18155"}],"wp:attachment":[{"href":"https:\/\/www.lardenbach.de\/index.php?rest_route=%2Fwp%2Fv2%2Fmedia&parent=18154"}],"wp:term":[{"taxonomy":"category","embeddable":true,"href":"https:\/\/www.lardenbach.de\/index.php?rest_route=%2Fwp%2Fv2%2Fcategories&post=18154"},{"taxonomy":"post_tag","embeddable":true,"href":"https:\/\/www.lardenbach.de\/index.php?rest_route=%2Fwp%2Fv2%2Ftags&post=18154"}],"curies":[{"name":"wp","href":"https:\/\/api.w.org\/{rel}","templated":true}]}}