{"id":18538,"date":"2026-08-30T23:45:24","date_gmt":"2026-08-30T22:45:24","guid":{"rendered":"https:\/\/www.lardenbach.de\/?p=18538"},"modified":"2026-08-30T23:48:50","modified_gmt":"2026-08-30T22:48:50","slug":"spiel-und-sportverein-bindekraft-fuer-jung-und-alt-2","status":"publish","type":"post","link":"https:\/\/www.lardenbach.de\/?p=18538","title":{"rendered":"Spiel- und Sportverein Bindekraft f\u00fcr Jung und alt"},"content":{"rendered":"<p><em><strong>Lardenbach und Klein-Eichen feierte mit ihrem Verein 60-j\u00e4hriges Bestehen<\/strong><\/em><\/p>\n<p>Der Stellenwert des Spiel- und Sportvereins Lardenbach\/Klein-Eichen f\u00fcr die beiden D\u00f6rfer wurde bei den Ansprachen aus Anlass des 60-j\u00e4hrigen Vereinsjubil\u00e4umsfeier verdeutlicht. Anerkennende Worte f\u00fcr das vielf\u00e4ltige Angebot und Wirken fanden dabei in Vertretung von B\u00fcrgermeister Marcel Schloser 1. Stadtrat Ingo Kreuder. Er sah den Verein auch als eine Bindekraft zwischen Jung und Alt. Sein Dank galt allen Verantwortlichen und Ehrenamtlichen f\u00fcr ihren Einsatz. Den Dankesworten schloss sich auch der Lardenbacher Ortsvorsteher Christian Ruppel an. Besonders dankte er den kurzfristig wegen des beim Ortssporttag und der Jubil\u00e4umsfeier aus bisher unbekannten Grund nicht erschienenen Ettingsh\u00e4user Caterins eingesprungenen Lardenbacher Landmetzgerei Hans-Georg Kielbassa und den K\u00fcchenhelferinnen f\u00fcr die gro\u00dfartige Unterst\u00fctzung. Den Zusammenhalt innerhalb des f\u00fcr beide D\u00f6rfer wichtigen Vereins stellte der Klein-Eichener Ortsvorsteher Werner Zimmer besonders heraus. Die Gl\u00fcckw\u00fcnsche des Hessischen Fu\u00dfballverbandes und des Fu\u00dfballkreises Gie\u00dfen \u00fcbermittelte Kreisschiedsrichterobmann Andreas Reuter. Zugleich appellierte er wie auch der nachfolgende Redner Prof. Dr. Heinz Zielinski zu einem respektvolleren Umgang und Miteinander. Der Gie\u00dfener Sportkreisvorsitzender sah den Jubil\u00e4umsverein als festen Bestandteil mit einer 60-j\u00e4hrigen erlebten Herausforderung in der Ortsgemeinschaft. F\u00fcr die Europ\u00e4ische Volkssportgemeinschaft gratulierten Volkert Gut und Beate Alexander dem seit 1982 der EVG angeh\u00f6renden Verein. Gut erw\u00e4hnte die in Lardenbach ausgezeichnet organisierten 40 Wanderveranstaltungen. Zu Beginn der Feier und nach der allgemeinen Begr\u00fc\u00dfung und den Ehrenmitgliedern Reiner Roth, B\u00e4rbel Erdmann und Gerda Weeke stellte Vereinsvorsitzender Stefan Weeke eine in sechs Jahrzehnten viel bewegte Vereinsgeschichte vor. Den in den Jahren 1921 bis 1927 und von 1929 bis 1936 bereits einmal vorhandenen Vereinen erfolgte am 4. Februar 1966 die neuerliche Gr\u00fcndung durch 73 Mitglieder f\u00fcr die fu\u00dfballspielende Dorfjugend. Im Laufe der Zeit folgten die Tischtennis- und Gymnastikabteilung. Zur F\u00f6rderung des Breitensportes entstand im Jahre 1974 die Wanderabteilung, Weeke ging bei der Vorstellung der einzelnen Abteilungen auf besondere Ereignisse ein. Beim Fu\u00dfball stach ein 3. Platz in der Spielrunde 1975\/76 und die Gr\u00fcndung der Spielgemeinschaft mit dem FC Weickartshain sowie der A-Klassen-Aufstieg im Jahr 2001 heraus. Aufgrund von fehlenden Spielern gibt es seit 2022 eine gleichwertige Partnerschaft mit dem TSV Gr\u00fcnberg. Die Tischtennisabteilung bewies seit ihrem Bestehen im Jahr 1966 ein gutes sportliches Niveau und spielte mit einer Mannschaft \u00fcber 10 Jahre in der Bezirksklasse. Gef\u00f6rdert wurde zudem der Nachwuchs. Der 1967 ins Leben gerufene Gymnastikabteilung stand 1969 erstmals eine \u00dcbungsleiterin vor. Neben den normalen \u00dcbungsstunden zeugten auch viele \u00f6ffentliche Tanzauftritte von einer regen Aktivit\u00e4t. Von 1973 bis 1981 f\u00fchrte die Wanderabteilung ein Volkswandern mit anschlie\u00dfenden Kinderfest durch. Nach der EVG-Mitgliedschaft entwickelten sich die j\u00e4hrlichen Wanderungen mit teilweise \u00fcber 1000 Teilnehmern zu einer traditionellen Wanderveranstaltung. SSV-Mitglieder besuchten auch zahlreich viele weitere EVG-Wanderungen. Mit dem Dank f\u00fcr die vielseitige langj\u00e4hrige Vereinsunterst\u00fctzung durch Mitglieder, Helfer und Sponsoren und der Hoffnung auf eine gute Vereinszukunft\u00a0 beendete 1. Vorsitzender Stefan Weeke die am Ende einen noch besseren Besuch verdiente Jubil\u00e4umsveranstaltung, bei der Alleinunterhalter Reiner Emmert f\u00fcr eine ausgezeichnete Abwechslung sorgte.<\/p>\n<figure id=\"attachment_18520\" aria-describedby=\"caption-attachment-18520\" style=\"width: 300px\" class=\"wp-caption alignleft\"><a href=\"https:\/\/www.lardenbach.de\/wp-content\/uploads\/2026\/08\/20260829-Jubilaeum-60-Jahre-SSV-Lardenbach-KE-4-scaled.jpg\"><img loading=\"lazy\" decoding=\"async\" class=\"size-medium wp-image-18520\" src=\"https:\/\/www.lardenbach.de\/wp-content\/uploads\/2026\/08\/20260829-Jubilaeum-60-Jahre-SSV-Lardenbach-KE-4-300x200.jpg\" alt=\"\" width=\"300\" height=\"200\" srcset=\"https:\/\/www.lardenbach.de\/wp-content\/uploads\/2026\/08\/20260829-Jubilaeum-60-Jahre-SSV-Lardenbach-KE-4-300x200.jpg 300w, https:\/\/www.lardenbach.de\/wp-content\/uploads\/2026\/08\/20260829-Jubilaeum-60-Jahre-SSV-Lardenbach-KE-4-1024x683.jpg 1024w, https:\/\/www.lardenbach.de\/wp-content\/uploads\/2026\/08\/20260829-Jubilaeum-60-Jahre-SSV-Lardenbach-KE-4-1536x1024.jpg 1536w, https:\/\/www.lardenbach.de\/wp-content\/uploads\/2026\/08\/20260829-Jubilaeum-60-Jahre-SSV-Lardenbach-KE-4-2048x1365.jpg 2048w, https:\/\/www.lardenbach.de\/wp-content\/uploads\/2026\/08\/20260829-Jubilaeum-60-Jahre-SSV-Lardenbach-KE-4-696x464.jpg 696w, https:\/\/www.lardenbach.de\/wp-content\/uploads\/2026\/08\/20260829-Jubilaeum-60-Jahre-SSV-Lardenbach-KE-4-1068x712.jpg 1068w, https:\/\/www.lardenbach.de\/wp-content\/uploads\/2026\/08\/20260829-Jubilaeum-60-Jahre-SSV-Lardenbach-KE-4-630x420.jpg 630w, https:\/\/www.lardenbach.de\/wp-content\/uploads\/2026\/08\/20260829-Jubilaeum-60-Jahre-SSV-Lardenbach-KE-4-320x213.jpg 320w, https:\/\/www.lardenbach.de\/wp-content\/uploads\/2026\/08\/20260829-Jubilaeum-60-Jahre-SSV-Lardenbach-KE-4-480x320.jpg 480w, https:\/\/www.lardenbach.de\/wp-content\/uploads\/2026\/08\/20260829-Jubilaeum-60-Jahre-SSV-Lardenbach-KE-4-800x533.jpg 800w\" sizes=\"auto, (max-width: 300px) 100vw, 300px\" \/><\/a><figcaption id=\"caption-attachment-18520\" class=\"wp-caption-text\">Vereinsvorsitzender Stefan Weeke f\u00fchrte durch die Jubil\u00e4umsfeier<\/figcaption><\/figure>\n<p><a href=\"https:\/\/www.lardenbach.de\/wp-content\/uploads\/2026\/08\/20260829-Jubilaeum-60-Jahre-SSV-Lardenbach-KE-11-scaled.jpg\"><img loading=\"lazy\" decoding=\"async\" class=\"alignleft size-medium wp-image-18539\" src=\"https:\/\/www.lardenbach.de\/wp-content\/uploads\/2026\/08\/20260829-Jubilaeum-60-Jahre-SSV-Lardenbach-KE-11-300x200.jpg\" alt=\"\" width=\"300\" height=\"200\" srcset=\"https:\/\/www.lardenbach.de\/wp-content\/uploads\/2026\/08\/20260829-Jubilaeum-60-Jahre-SSV-Lardenbach-KE-11-300x200.jpg 300w, https:\/\/www.lardenbach.de\/wp-content\/uploads\/2026\/08\/20260829-Jubilaeum-60-Jahre-SSV-Lardenbach-KE-11-1024x683.jpg 1024w, https:\/\/www.lardenbach.de\/wp-content\/uploads\/2026\/08\/20260829-Jubilaeum-60-Jahre-SSV-Lardenbach-KE-11-1536x1024.jpg 1536w, https:\/\/www.lardenbach.de\/wp-content\/uploads\/2026\/08\/20260829-Jubilaeum-60-Jahre-SSV-Lardenbach-KE-11-2048x1365.jpg 2048w, https:\/\/www.lardenbach.de\/wp-content\/uploads\/2026\/08\/20260829-Jubilaeum-60-Jahre-SSV-Lardenbach-KE-11-696x464.jpg 696w, https:\/\/www.lardenbach.de\/wp-content\/uploads\/2026\/08\/20260829-Jubilaeum-60-Jahre-SSV-Lardenbach-KE-11-1068x712.jpg 1068w, https:\/\/www.lardenbach.de\/wp-content\/uploads\/2026\/08\/20260829-Jubilaeum-60-Jahre-SSV-Lardenbach-KE-11-630x420.jpg 630w, https:\/\/www.lardenbach.de\/wp-content\/uploads\/2026\/08\/20260829-Jubilaeum-60-Jahre-SSV-Lardenbach-KE-11-320x213.jpg 320w, https:\/\/www.lardenbach.de\/wp-content\/uploads\/2026\/08\/20260829-Jubilaeum-60-Jahre-SSV-Lardenbach-KE-11-480x320.jpg 480w, https:\/\/www.lardenbach.de\/wp-content\/uploads\/2026\/08\/20260829-Jubilaeum-60-Jahre-SSV-Lardenbach-KE-11-800x533.jpg 800w\" sizes=\"auto, (max-width: 300px) 100vw, 300px\" \/><\/a><\/p>\n","protected":false},"excerpt":{"rendered":"<p>Lardenbach und Klein-Eichen feierte mit ihrem Verein 60-j\u00e4hriges Bestehen Der Stellenwert des Spiel- und Sportvereins Lardenbach\/Klein-Eichen f\u00fcr die beiden D\u00f6rfer wurde bei den Ansprachen aus Anlass des 60-j\u00e4hrigen Vereinsjubil\u00e4umsfeier verdeutlicht. Anerkennende Worte f\u00fcr das vielf\u00e4ltige Angebot und Wirken fanden dabei in Vertretung von B\u00fcrgermeister Marcel Schloser 1. Stadtrat Ingo Kreuder. Er sah den Verein auch [&hellip;]<\/p>\n","protected":false},"author":8,"featured_media":18519,"comment_status":"closed","ping_status":"closed","sticky":false,"template":"","format":"standard","meta":{"footnotes":""},"categories":[3553,3604,3451],"tags":[],"class_list":["post-18538","post","type-post","status-publish","format-standard","has-post-thumbnail","hentry","category-2022-10","category-2026-08","category-aktuelles"],"_links":{"self":[{"href":"https:\/\/www.lardenbach.de\/index.php?rest_route=\/wp\/v2\/posts\/18538","targetHints":{"allow":["GET"]}}],"collection":[{"href":"https:\/\/www.lardenbach.de\/index.php?rest_route=\/wp\/v2\/posts"}],"about":[{"href":"https:\/\/www.lardenbach.de\/index.php?rest_route=\/wp\/v2\/types\/post"}],"author":[{"embeddable":true,"href":"https:\/\/www.lardenbach.de\/index.php?rest_route=\/wp\/v2\/users\/8"}],"replies":[{"embeddable":true,"href":"https:\/\/www.lardenbach.de\/index.php?rest_route=%2Fwp%2Fv2%2Fcomments&post=18538"}],"version-history":[{"count":1,"href":"https:\/\/www.lardenbach.de\/index.php?rest_route=\/wp\/v2\/posts\/18538\/revisions"}],"predecessor-version":[{"id":18540,"href":"https:\/\/www.lardenbach.de\/index.php?rest_route=\/wp\/v2\/posts\/18538\/revisions\/18540"}],"wp:featuredmedia":[{"embeddable":true,"href":"https:\/\/www.lardenbach.de\/index.php?rest_route=\/wp\/v2\/media\/18519"}],"wp:attachment":[{"href":"https:\/\/www.lardenbach.de\/index.php?rest_route=%2Fwp%2Fv2%2Fmedia&parent=18538"}],"wp:term":[{"taxonomy":"category","embeddable":true,"href":"https:\/\/www.lardenbach.de\/index.php?rest_route=%2Fwp%2Fv2%2Fcategories&post=18538"},{"taxonomy":"post_tag","embeddable":true,"href":"https:\/\/www.lardenbach.de\/index.php?rest_route=%2Fwp%2Fv2%2Ftags&post=18538"}],"curies":[{"name":"wp","href":"https:\/\/api.w.org\/{rel}","templated":true}]}}