{"id":4118,"date":"2016-01-11T00:00:00","date_gmt":"2016-01-10T23:00:00","guid":{"rendered":"http:\/\/www.lardenbach.de\/?p=4118"},"modified":"2016-03-14T20:36:19","modified_gmt":"2016-03-14T19:36:19","slug":"11362418-lardenbach-aktuelles-januar","status":"publish","type":"post","link":"https:\/\/www.lardenbach.de\/?p=4118","title":{"rendered":"Neue Wehrf\u00fchrung bei der FF Lardenbach\/Klein-Eichen"},"content":{"rendered":"<h4><span style=\"font-family: Arial; font-size: medium;\">Christian Ruppel und Mich\u00e9le Frank legten \u00c4mter in j\u00fcngere H\u00e4nde \u2013 Neun Eins\u00e4tze und Oktoberfest pr\u00e4gten das vergangene Jahr<\/span><\/h4>\n<p align=\"justify\"><span style=\"font-family: Arial; font-size: small;\">Die \u00dcbergabe der Wehrleitung von Wehrf\u00fchrer Christian Ruppel und dessen Stellvertreter Mich\u00e9le Frank an Christian Dittrich und Eric Hartmann standen im Mittelpunkt der Mitgliederversammlung der Freiwilligen Feuerwehr Lardenbach\/Klein-Eichen. <a href=\"https:\/\/www.lardenbach.de\/wp-content\/uploads\/2016\/01\/201620JHV20FFa3.jpg\"><img loading=\"lazy\" decoding=\"async\" class=\" td-modal-image alignleft wp-image-14733 size-medium\" src=\"https:\/\/www.lardenbach.de\/wp-content\/uploads\/2016\/01\/201620JHV20FFa3-300x182.jpg\" alt=\"2016 - JHV FFW\" width=\"300\" height=\"182\" srcset=\"https:\/\/www.lardenbach.de\/wp-content\/uploads\/2016\/01\/201620JHV20FFa3-300x182.jpg 300w, https:\/\/www.lardenbach.de\/wp-content\/uploads\/2016\/01\/201620JHV20FFa3.jpg 640w\" sizes=\"auto, (max-width: 300px) 100vw, 300px\" \/><\/a>Die beiden seitherigen F\u00fchrungskr\u00e4fte begleiteten seit neun bzw. zehn Jahren ihr Amt. Beide waren sich auch sicher, dass mit neuen Ideen und Konzepten von j\u00fcngeren F\u00fchrungskr\u00e4ften alle Voraussetzungen f\u00fcr eine gesicherte Zukunft der stets motivierten und intakten heimischen Wehr gegeben sind.<\/span><\/p>\n<p style=\"text-align: justify;\"><span style=\"font-family: Arial; font-size: small;\">Auch im Hinblick auf den bevorstehenden Anbau an das Ger\u00e4tehaus sollten Planung und Durchf\u00fchrung in der Hand der Nachwuchsf\u00fchrungskr\u00e4fte liegen. In einem R\u00fcckblick bilanzierte Wehrf\u00fchrer Ruppel die Bilanz der letzten zehn Jahre. Hierbei standen die Zusammenlegung der beiden Feuerwehren Lardenbach und Klein-Eichen, die Beschaffungen der L\u00f6schfahrzeuge, 128 Eins\u00e4tze und die Durchf\u00fchrung des Oktoberfestes zu Buche. Absolviert wurden in dieser Zeit von den Aktiven 198 Lehrg\u00e4nge und Seminare. Im vergangenen Jahr wurde die Wehr zu f\u00fcnf Brandeins\u00e4tzen und vier Hilfeleistungen alarmiert. Daneben gab es 22 Lehrgangs- und Seminarteilnahmen. 14 Aktive wurden in einer Endanwenderschulung auf den Digitalfunk vorbereitet. Insgesamt 35 Ausbildungseinheiten wurden z. T. mit den weiteren Seenbachtalwehren, der FF Sellnrod und der FF Gr\u00fcnberg durchgef\u00fchrt. Daneben stand zudem eine Besichtigung der Leitstelle Gie\u00dfen und des Luftrettungszentrums in Gie\u00dfen an. Unterst\u00fctzt wurde der traditionelle Lardenbacher Holzstrich mit dem Holzmachen und der Durchf\u00fchrung der Veranstaltung. Erfreulich sind trotz zwei Abg\u00e4nge die drei Neuzug\u00e4nge in der nun 30 Kr\u00e4fte z\u00e4hlenden Einsatzabteilung. Als sehr erfreulich sah der Wehrf\u00fchrer auch die neunzehn fast alle tauglichen Atemschutzger\u00e4tetr\u00e4ger. In Verbindung mit der Vorstellung einer Werbekampagne f\u00fcr weitere Aktive appellierte Ruppel an die Dorfbewohner, die Feuerwehr zu unterst\u00fctzen. Sein abschlie\u00dfender Dank f\u00fcr die langj\u00e4hrige Unterst\u00fctzung galt allen aktiven und passiven Mitgliedern, den Jugendbetreuern, den \u00fcbergeordneten F\u00fchrungskr\u00e4ften und den politischen Gremien. Zusammen mit Stadtbrandinspektor Lothar Theis bef\u00f6rderte der seitherige Wehrf\u00fchrer seinen von den Aktiven einstimmig gew\u00e4hlten Nachfolger Christian Dittrich zum L\u00f6schmeister. Auch die Wahl dessen Stellvertreters Eric Hartmann erfolgte einstimmig. Weiterhin wurden Mich\u00e9le Frank, Philipp Schombert und Alexander Hofmann einstimmig in den Feuerwehrausschuss gew\u00e4hlt.\u00a0\u00a0 Bei 22 \u00dcbungen mit ca. 60 Stunden stand in der Absicht der Teilnahme am Stadtpokal 2016 f\u00fcr die sieben Mitglieder der Jugendfeuerwehr die Grundausbildung im Vordergrund. Wie Jugendwart Christian L\u00fcckhoff ausf\u00fchrte wurde mit der Jugendabteilung der FF Gr\u00fcnberg eine Trainings-Partnerschaft eingegangen. Besucht wurde der Erlebnispark in Marburg. Traditionsgem\u00e4\u00df wurden 2015 auch wieder die ausgedienten Weihnachtsb\u00e4ume eingesammelt. Von den Aktivit\u00e4ten der Altersmitglieder berichtete Karlheinz Erdmann. In seinem Gru\u00dfwort erfolgten neben den Dankesworten f\u00fcr die ausgezeichnete Zusammenarbeit, die gute Ausbildung und die stetige Einsatzbereitschaft auch Ausf\u00fchrungen des Stadtbrandinspektors Lothar Teis zur Notwendigkeit von Atemschutzger\u00e4tetr\u00e4gern und der weiteren Zusammenarbeit mit den beiden Seenbachtalwehren. Er erw\u00e4hnte gleichzeitig den anstehenden Umbau des Ger\u00e4tehauses und die evtl. zus\u00e4tzlichen Aufgaben bei der bevorstehenden Aufnahme von Fl\u00fcchtlingen in Lardenbach. Neben seinen Dankesworten gab auch B\u00fcrgermeister Frank Ide zu diesem Thema einige Ausf\u00fchrungen. Er appellierte an die heimische Bev\u00f6lkerung der Situation positiv entgegen zu stehen. Gru\u00df- und Dankesworte richteten die beiden Ortsvorsteher J\u00fcrgen Hofmann (Lardenbach) und Werner Zimmer an die Anwesenden. Er\u00f6ffnet hatte anfangs Vorsitzender Andreas Ruppel die Versammlung mit der offiziellen Begr\u00fc8ng aller Anwesenden und dem Nachruf an die verstorbenen Mitglieder Albert M\u00fcller, Karl Ruppel und Peter Rau. In seinem T\u00e4tigkeitsbericht erw\u00e4hnte er mit 254 den derzeitigen Mitgliederstand. Neben der Ausrichtung des Holzstriches und des 9. Oktoberfestes wurde von Vereinsmitgliedern der Fasching in Freienseen, die Mitgliederversammlung der Feuerwehren der Gro\u00dfgemeinde Gr\u00fcnberg und der Kreisverbandstag in Lindenstruth besucht. Er dankte am Ende allen Helfern und Spendern f\u00fcr die Unterst\u00fctzung. Der Vorsitzender und dessen Stellvertreter Armin Schombert konnten lediglich nur den anwesenden Manfred Dieter Reining f\u00fcr 30-j\u00e4hrige Mitgliedschaft ehren. Die weiteren Jubilare Karsten Berg, Marco Biedenkopf und Matthias Kratz (alle 25 Jahre Mitglied), Erhard Sauer (30 Jahre), Wilfried Berg, Norbert Keller, Klaus Kratz, Ernst Ruschig und Gerhard Tr\u00e4ger alle 50 Jahre im Verein waren nicht anwesend. Nach dem Kassenbericht durch Reiner Felsing und dem Bericht der Kassenpr\u00fcfer Philipp Schombert und Frank Pernak gab es durch die Mitglieder die einstimmige Vorstandsentlastung. Im Jahr 2016 werden Philipp Schombert und Dieter Ruppel die Kasse pr\u00fcfen. Traditionsgem\u00e4\u00df endete die Versammlung mit dem gemeinsamen Singen des Deutschen Feuerwehrliedes.<\/span><\/p>\n<p>&nbsp;<\/p>\n","protected":false},"excerpt":{"rendered":"<p>Christian Ruppel und Mich\u00e9le Frank legten \u00c4mter in j\u00fcngere H\u00e4nde \u2013 Neun Eins\u00e4tze und Oktoberfest pr\u00e4gten das vergangene Jahr Die \u00dcbergabe der Wehrleitung von Wehrf\u00fchrer Christian Ruppel und dessen Stellvertreter Mich\u00e9le Frank an Christian Dittrich und Eric Hartmann standen im Mittelpunkt der Mitgliederversammlung der Freiwilligen Feuerwehr Lardenbach\/Klein-Eichen. Die beiden seitherigen F\u00fchrungskr\u00e4fte begleiteten seit neun bzw. [&hellip;]<\/p>\n","protected":false},"author":1,"featured_media":14733,"comment_status":"closed","ping_status":"closed","sticky":false,"template":"","format":"standard","meta":{"footnotes":""},"categories":[3456],"tags":[],"class_list":["post-4118","post","type-post","status-publish","format-standard","has-post-thumbnail","hentry","category-2016-01"],"_links":{"self":[{"href":"https:\/\/www.lardenbach.de\/index.php?rest_route=\/wp\/v2\/posts\/4118","targetHints":{"allow":["GET"]}}],"collection":[{"href":"https:\/\/www.lardenbach.de\/index.php?rest_route=\/wp\/v2\/posts"}],"about":[{"href":"https:\/\/www.lardenbach.de\/index.php?rest_route=\/wp\/v2\/types\/post"}],"author":[{"embeddable":true,"href":"https:\/\/www.lardenbach.de\/index.php?rest_route=\/wp\/v2\/users\/1"}],"replies":[{"embeddable":true,"href":"https:\/\/www.lardenbach.de\/index.php?rest_route=%2Fwp%2Fv2%2Fcomments&post=4118"}],"version-history":[{"count":12,"href":"https:\/\/www.lardenbach.de\/index.php?rest_route=\/wp\/v2\/posts\/4118\/revisions"}],"predecessor-version":[{"id":14806,"href":"https:\/\/www.lardenbach.de\/index.php?rest_route=\/wp\/v2\/posts\/4118\/revisions\/14806"}],"wp:featuredmedia":[{"embeddable":true,"href":"https:\/\/www.lardenbach.de\/index.php?rest_route=\/wp\/v2\/media\/14733"}],"wp:attachment":[{"href":"https:\/\/www.lardenbach.de\/index.php?rest_route=%2Fwp%2Fv2%2Fmedia&parent=4118"}],"wp:term":[{"taxonomy":"category","embeddable":true,"href":"https:\/\/www.lardenbach.de\/index.php?rest_route=%2Fwp%2Fv2%2Fcategories&post=4118"},{"taxonomy":"post_tag","embeddable":true,"href":"https:\/\/www.lardenbach.de\/index.php?rest_route=%2Fwp%2Fv2%2Ftags&post=4118"}],"curies":[{"name":"wp","href":"https:\/\/api.w.org\/{rel}","templated":true}]}}